{"id":9533,"date":"2025-09-09T18:11:00","date_gmt":"2025-09-09T16:11:00","guid":{"rendered":"https:\/\/zdruzenjeborcev-nobmb.si\/?p=9533"},"modified":"2025-09-09T18:21:48","modified_gmt":"2025-09-09T16:21:48","slug":"dve-obvestili","status":"publish","type":"post","link":"https:\/\/zdruzenjeborcev-nobmb.si\/?p=9533","title":{"rendered":"DVE OBVESTILI"},"content":{"rendered":"<p>V mesecu septembru se bomo udele\u017eili ve\u010d pomembnih tradicionalnih dogodkov in sicer v <strong>PETEK, 19. SEPTEMBRA<\/strong> 2025 na sre\u010danju veteranskih in domoljubnih organizacij Maribora, za ve\u010d <a href=\"https:\/\/zdruzenjeborcev-nobmb.si\/wp-content\/uploads\/2025\/09\/vabilo-veterani-PDF.pdf\" target=\"_blank\" rel=\"noopener\"><strong>KLIKNI<\/strong> tukaj!<\/a><br \/>\nter<br \/>\nna dveh dogodkih, ki ju organizira KO ZB Fram v sodelovanju s KO ZB Slivnica, KS Fram, KS Slivnica ter DK Ran\u010de in sicer:<br \/>\nv <strong>NEDELJO, 21. SEPTEMBRA<\/strong> ter v <strong>SREDO, 24. SEPTEMBRA<\/strong> za ve\u010d <a href=\"https:\/\/zdruzenjeborcev-nobmb.si\/wp-content\/uploads\/2025\/09\/vabilo-Fram.pdf\" target=\"_blank\" rel=\"noopener\"><strong>KLIKNI<\/strong> tukaj!<\/a><\/p>\n<p>&nbsp;<\/p>\n<p>&nbsp;<\/p>\n<p>&nbsp;<\/p>\n<hr \/>\n<p>&nbsp;<\/p>\n","protected":false},"excerpt":{"rendered":"<p>V mesecu septembru se bomo udele\u017eili ve\u010d pomembnih tradicionalnih dogodkov in sicer v PETEK, 19. SEPTEMBRA 2025 na sre\u010danju veteranskih in domoljubnih organizacij Maribora, za ve\u010d KLIKNI tukaj! ter na dveh dogodkih, ki ju organizira KO ZB Fram v sodelovanju s KO ZB Slivnica, KS Fram, KS Slivnica ter DK Ran\u010de in sicer: v NEDELJO, &hellip; <a href=\"https:\/\/zdruzenjeborcev-nobmb.si\/?p=9533\" class=\"more-link\">Preberi ve\u010d<span class=\"screen-reader-text\"> &#8220;DVE OBVESTILI&#8221;<\/span><\/a><\/p>\n","protected":false},"author":1,"featured_media":0,"comment_status":"closed","ping_status":"open","sticky":false,"template":"","format":"standard","meta":{"footnotes":""},"categories":[1],"tags":[],"_links":{"self":[{"href":"https:\/\/zdruzenjeborcev-nobmb.si\/index.php?rest_route=\/wp\/v2\/posts\/9533"}],"collection":[{"href":"https:\/\/zdruzenjeborcev-nobmb.si\/index.php?rest_route=\/wp\/v2\/posts"}],"about":[{"href":"https:\/\/zdruzenjeborcev-nobmb.si\/index.php?rest_route=\/wp\/v2\/types\/post"}],"author":[{"embeddable":true,"href":"https:\/\/zdruzenjeborcev-nobmb.si\/index.php?rest_route=\/wp\/v2\/users\/1"}],"replies":[{"embeddable":true,"href":"https:\/\/zdruzenjeborcev-nobmb.si\/index.php?rest_route=%2Fwp%2Fv2%2Fcomments&post=9533"}],"version-history":[{"count":5,"href":"https:\/\/zdruzenjeborcev-nobmb.si\/index.php?rest_route=\/wp\/v2\/posts\/9533\/revisions"}],"predecessor-version":[{"id":9541,"href":"https:\/\/zdruzenjeborcev-nobmb.si\/index.php?rest_route=\/wp\/v2\/posts\/9533\/revisions\/9541"}],"wp:attachment":[{"href":"https:\/\/zdruzenjeborcev-nobmb.si\/index.php?rest_route=%2Fwp%2Fv2%2Fmedia&parent=9533"}],"wp:term":[{"taxonomy":"category","embeddable":true,"href":"https:\/\/zdruzenjeborcev-nobmb.si\/index.php?rest_route=%2Fwp%2Fv2%2Fcategories&post=9533"},{"taxonomy":"post_tag","embeddable":true,"href":"https:\/\/zdruzenjeborcev-nobmb.si\/index.php?rest_route=%2Fwp%2Fv2%2Ftags&post=9533"}],"curies":[{"name":"wp","href":"https:\/\/api.w.org\/{rel}","templated":true}]}}