{"id":9061,"date":"2023-10-23T14:44:54","date_gmt":"2023-10-23T12:44:54","guid":{"rendered":"http:\/\/zdruzenjeborcev-nobmb.si\/?p=9061"},"modified":"2023-10-24T17:19:18","modified_gmt":"2023-10-24T15:19:18","slug":"k-o-m-e-r-a-c-i-j-e-2023","status":"publish","type":"post","link":"https:\/\/zdruzenjeborcev-nobmb.si\/?p=9061","title":{"rendered":"K O M E R A C I J E &#8211; 2023"},"content":{"rendered":"<p><img loading=\"lazy\" decoding=\"async\" class=\"alignnone wp-image-9082 size-full\" src=\"https:\/\/zdruzenjeborcev-nobmb.si\/wp-content\/uploads\/2023\/10\/Komemoracija-2023.jpg\" alt=\"\" width=\"1024\" height=\"1459\" srcset=\"https:\/\/zdruzenjeborcev-nobmb.si\/wp-content\/uploads\/2023\/10\/Komemoracija-2023.jpg 1024w, https:\/\/zdruzenjeborcev-nobmb.si\/wp-content\/uploads\/2023\/10\/Komemoracija-2023-211x300.jpg 211w, https:\/\/zdruzenjeborcev-nobmb.si\/wp-content\/uploads\/2023\/10\/Komemoracija-2023-719x1024.jpg 719w, https:\/\/zdruzenjeborcev-nobmb.si\/wp-content\/uploads\/2023\/10\/Komemoracija-2023-768x1094.jpg 768w\" sizes=\"(max-width: 709px) 85vw, (max-width: 909px) 67vw, (max-width: 1362px) 62vw, 840px\" \/><\/p>\n<p>Za ve\u010d&#8230; <strong><a href=\"https:\/\/zdruzenjeborcev-nobmb.si\/wp-content\/uploads\/2023\/10\/komemoracije_2023.pdf\" target=\"_blank\" rel=\"noopener\">klikni TUKAJ! <\/a><\/strong><\/p>\n<p><strong>Prijazno vabljeni!<\/strong><\/p>\n<hr \/>\n<p>Oglejmo si \u0161e program <strong><u>KOMEMORACIJ, KI JIH PRIREJAJO ODBORI KRAJEVNIH ORGANIZACIJ ZB NOB V SODELOVANJU Z O\u0160, M\u010c IN KS. <\/u><\/strong>Ve\u010dina komemoracij bo v petek, 27.oktobra 2023, saj je to zadnji dan pouka pred jesenskimi po\u010ditnicami.<br \/>\nLe <strong>na Pobre\u017eju<\/strong> bo komemoracija v <strong>sredo 1.11.2022 ob 11. uri.<br \/>\n<\/strong>Za ogled &#8230;<strong>\u00a0<a href=\"https:\/\/zdruzenjeborcev-nobmb.si\/wp-content\/uploads\/2023\/10\/komemoracije-KO-ZB.pdf\" target=\"_blank\" rel=\"noopener\">klikni tukaj!<\/a><\/strong><\/p>\n<p><strong>Prijazno vabljeni!<\/strong><\/p>\n<hr \/>\n<p>&nbsp;<\/p>\n<p>&nbsp;<\/p>\n<p>&nbsp;<\/p>\n<p>&nbsp;<\/p>\n","protected":false},"excerpt":{"rendered":"<p>Za ve\u010d&#8230; klikni TUKAJ! Prijazno vabljeni! Oglejmo si \u0161e program KOMEMORACIJ, KI JIH PRIREJAJO ODBORI KRAJEVNIH ORGANIZACIJ ZB NOB V SODELOVANJU Z O\u0160, M\u010c IN KS. Ve\u010dina komemoracij bo v petek, 27.oktobra 2023, saj je to zadnji dan pouka pred jesenskimi po\u010ditnicami. Le na Pobre\u017eju bo komemoracija v sredo 1.11.2022 ob 11. uri. Za ogled &hellip; <a href=\"https:\/\/zdruzenjeborcev-nobmb.si\/?p=9061\" class=\"more-link\">Preberi ve\u010d<span class=\"screen-reader-text\"> &#8220;K O M E R A C I J E &#8211; 2023&#8221;<\/span><\/a><\/p>\n","protected":false},"author":1,"featured_media":0,"comment_status":"closed","ping_status":"open","sticky":false,"template":"","format":"standard","meta":{"footnotes":""},"categories":[1],"tags":[],"_links":{"self":[{"href":"https:\/\/zdruzenjeborcev-nobmb.si\/index.php?rest_route=\/wp\/v2\/posts\/9061"}],"collection":[{"href":"https:\/\/zdruzenjeborcev-nobmb.si\/index.php?rest_route=\/wp\/v2\/posts"}],"about":[{"href":"https:\/\/zdruzenjeborcev-nobmb.si\/index.php?rest_route=\/wp\/v2\/types\/post"}],"author":[{"embeddable":true,"href":"https:\/\/zdruzenjeborcev-nobmb.si\/index.php?rest_route=\/wp\/v2\/users\/1"}],"replies":[{"embeddable":true,"href":"https:\/\/zdruzenjeborcev-nobmb.si\/index.php?rest_route=%2Fwp%2Fv2%2Fcomments&post=9061"}],"version-history":[{"count":16,"href":"https:\/\/zdruzenjeborcev-nobmb.si\/index.php?rest_route=\/wp\/v2\/posts\/9061\/revisions"}],"predecessor-version":[{"id":9102,"href":"https:\/\/zdruzenjeborcev-nobmb.si\/index.php?rest_route=\/wp\/v2\/posts\/9061\/revisions\/9102"}],"wp:attachment":[{"href":"https:\/\/zdruzenjeborcev-nobmb.si\/index.php?rest_route=%2Fwp%2Fv2%2Fmedia&parent=9061"}],"wp:term":[{"taxonomy":"category","embeddable":true,"href":"https:\/\/zdruzenjeborcev-nobmb.si\/index.php?rest_route=%2Fwp%2Fv2%2Fcategories&post=9061"},{"taxonomy":"post_tag","embeddable":true,"href":"https:\/\/zdruzenjeborcev-nobmb.si\/index.php?rest_route=%2Fwp%2Fv2%2Ftags&post=9061"}],"curies":[{"name":"wp","href":"https:\/\/api.w.org\/{rel}","templated":true}]}}