{"id":7850,"date":"2022-08-29T01:22:29","date_gmt":"2022-08-28T23:22:29","guid":{"rendered":"http:\/\/zdruzenjeborcev-nobmb.si\/?p=7850"},"modified":"2022-09-02T14:32:52","modified_gmt":"2022-09-02T12:32:52","slug":"vranov-let-v-ozbaltu-ob-dravi","status":"publish","type":"post","link":"https:\/\/zdruzenjeborcev-nobmb.si\/?p=7850","title":{"rendered":"Vranov let v O\u017ebaltu ob Dravi"},"content":{"rendered":"<p>Ob\u010dina Lovrenc na Pohorju in KO ZB Lovrenc na Pohorju vsako leto pripravljata <strong>spominsko prireditev<\/strong> <strong>Vranov let.<\/strong><br \/>\n<strong>Letos napovedana v soboto, 27. avgusta 2022 ob 11. uri, pri spominskem obele\u017eju ob \u017eelezni\u0161ki progi v O\u017ebaltu ob Dravi.<\/strong><\/p>\n<p>Zapis in fotografije je prispeval<strong> Marjan Holc. <\/strong>Tako zapi\u0161e:<strong><br \/>\n<\/strong>\u00bbNa spominski prireditvi v Lovrencu na Pohorju se nas je zbralo kar 21 \u010dlanov in \u010dlanic ZB NOB Maribor, pri\u0161li smo z lastnim prevozom, ker je bil organizirani prevoz odpovedan.<br \/>\nNa kraju dogodka v<strong> O\u017ebaltu<\/strong> je <strong>\u0160tefka Kamnik<\/strong>, predsednica ZB NOB Lovrenc na Pohorju, polo\u017eila venec. Spominska prireditev je bila, zaradi napovedi de\u017eja, v <strong>Lovrencu na Pohorju v \u0161otoru<\/strong>, kjer so potekale tudi prireditve <strong>Jezernikovi dnevi<\/strong> <strong>2022<\/strong> (od 5. do 27. avgusta- anekdoto o <strong>povodnem mo\u017eu Jezerniku<\/strong> lahko preberete na povezavi <a href=\"https:\/\/www.lovrenc.si\/objava\/154607\">https:\/\/www.lovrenc.si\/objava\/154607<\/a> ).<\/p>\n<p>Slavnostni nagovor je imela <strong>\u0160tefka Kamnik<\/strong>, predsednica ZB NOB Lovrenc na Pohorju, predsednik ZB NOB Ru\u0161e <strong>Jo\u017ee Ga\u0161pari\u010d<\/strong> pa je zelo podrobno opisal akcijo partizanov \u0160ercerjeve brigade, v kateri so 31. avgusta 1944 iz nem\u0161kega ujetni\u0161tva pomagali pobegniti 96-tim zavezni\u0161kim vojnim ujetnikom. Re\u0161ene ujetnike, ki so delali na \u017eelezni\u0161ki progi v O\u017ebaltu ob Dravi, so potem s pomo\u010djo drugih slovenskih partizanov popeljali \u010dez vso Slovenijo na letali\u0161\u010de Otok pri Metliki, od koder so z zavezni\u0161kimi letali odleteli v zavezni\u0161ko bazo Bari v Italiji.<br \/>\nDogodki so opisani tudi v knjigi <strong>Vranov let<\/strong>, ve\u010d o projektu Vranov let lahko preberete na spletni strani <a href=\"http:\/\/geoss.eu\/projekti\/vranov-let\/\">http:\/\/geoss.eu\/projekti\/vranov-let\/<\/a> .<\/p>\n<p>Celotno prireditev je lepo povezovala <strong>Andreja \u0160lag<\/strong>, \u010dlanica ZB NOB Lovrenc na Pohorju, v kulturnem programu pa je zaigrala <strong>Godba na pihala<\/strong>\u00a0Lovrenc na Pohorju. Zapeli in zaigrali so tudi \u010dlani mo\u0161kega pevskega dru\u0161tva <strong>KUD Lehen<\/strong>.<\/p>\n<p>Ob zaklju\u010dku prireditve nas je prijazno nagovoril \u0161e <strong>Marko Rakovnik<\/strong>, \u017eupan ob\u010dine Lovrenc na Pohorju, ki nas je po kon\u010dani spominski prireditvi tudi pogostil s pasuljem, pivom in sokom. Tako se je dru\u017eenje nadaljevalo v prijetnem vzdu\u0161ju in klepetu s prijatelji.\u00ab &#8230; Po\u017eeni \u0161e:<br \/>\n<a href=\"https:\/\/zdruzenjeborcev-nobmb.si\/wp-content\/uploads\/2022\/08\/Vranov-let.pps\" target=\"_blank\" rel=\"noopener\">Album fotografij!<\/a><\/p>\n<hr \/>\n<p>&nbsp;<\/p>\n<p>&nbsp;<\/p>\n<p>&nbsp;<\/p>\n<p>&nbsp;<\/p>\n","protected":false},"excerpt":{"rendered":"<p>Ob\u010dina Lovrenc na Pohorju in KO ZB Lovrenc na Pohorju vsako leto pripravljata spominsko prireditev Vranov let. Letos napovedana v soboto, 27. avgusta 2022 ob 11. uri, pri spominskem obele\u017eju ob \u017eelezni\u0161ki progi v O\u017ebaltu ob Dravi. Zapis in fotografije je prispeval Marjan Holc. Tako zapi\u0161e: \u00bbNa spominski prireditvi v Lovrencu na Pohorju se nas &hellip; <a href=\"https:\/\/zdruzenjeborcev-nobmb.si\/?p=7850\" class=\"more-link\">Preberi ve\u010d<span class=\"screen-reader-text\"> &#8220;Vranov let v O\u017ebaltu ob Dravi&#8221;<\/span><\/a><\/p>\n","protected":false},"author":1,"featured_media":0,"comment_status":"closed","ping_status":"open","sticky":false,"template":"","format":"standard","meta":{"footnotes":""},"categories":[1],"tags":[],"_links":{"self":[{"href":"https:\/\/zdruzenjeborcev-nobmb.si\/index.php?rest_route=\/wp\/v2\/posts\/7850"}],"collection":[{"href":"https:\/\/zdruzenjeborcev-nobmb.si\/index.php?rest_route=\/wp\/v2\/posts"}],"about":[{"href":"https:\/\/zdruzenjeborcev-nobmb.si\/index.php?rest_route=\/wp\/v2\/types\/post"}],"author":[{"embeddable":true,"href":"https:\/\/zdruzenjeborcev-nobmb.si\/index.php?rest_route=\/wp\/v2\/users\/1"}],"replies":[{"embeddable":true,"href":"https:\/\/zdruzenjeborcev-nobmb.si\/index.php?rest_route=%2Fwp%2Fv2%2Fcomments&post=7850"}],"version-history":[{"count":15,"href":"https:\/\/zdruzenjeborcev-nobmb.si\/index.php?rest_route=\/wp\/v2\/posts\/7850\/revisions"}],"predecessor-version":[{"id":7944,"href":"https:\/\/zdruzenjeborcev-nobmb.si\/index.php?rest_route=\/wp\/v2\/posts\/7850\/revisions\/7944"}],"wp:attachment":[{"href":"https:\/\/zdruzenjeborcev-nobmb.si\/index.php?rest_route=%2Fwp%2Fv2%2Fmedia&parent=7850"}],"wp:term":[{"taxonomy":"category","embeddable":true,"href":"https:\/\/zdruzenjeborcev-nobmb.si\/index.php?rest_route=%2Fwp%2Fv2%2Fcategories&post=7850"},{"taxonomy":"post_tag","embeddable":true,"href":"https:\/\/zdruzenjeborcev-nobmb.si\/index.php?rest_route=%2Fwp%2Fv2%2Ftags&post=7850"}],"curies":[{"name":"wp","href":"https:\/\/api.w.org\/{rel}","templated":true}]}}