{"id":5904,"date":"2020-04-24T11:24:15","date_gmt":"2020-04-24T11:24:15","guid":{"rendered":"http:\/\/zdruzenjeborcev-nobmb.si\/?p=5904"},"modified":"2021-12-05T01:22:00","modified_gmt":"2021-12-05T00:22:00","slug":"praznovali-bomo-79-obletnico-of","status":"publish","type":"post","link":"https:\/\/zdruzenjeborcev-nobmb.si\/?p=5904","title":{"rendered":"Praznovali bomo 79. obletnico OF"},"content":{"rendered":"<p>Spomin na prvo uporni\u0161ko akcijo v Mariboru, dva dni po prihodu Hitlerja v Maribor.<br \/>\nFotografijo prispeval Vasja Lavri\u010d<\/p>\n<p><a href=\"https:\/\/zdruzenjeborcev-nobmb.si\/wp-content\/uploads\/2020\/04\/dan-upora.jpg\"><img loading=\"lazy\" decoding=\"async\" class=\"alignnone size-full wp-image-5955\" src=\"https:\/\/zdruzenjeborcev-nobmb.si\/wp-content\/uploads\/2020\/04\/dan-upora.jpg\" alt=\"\" width=\"1200\" height=\"799\" srcset=\"https:\/\/zdruzenjeborcev-nobmb.si\/wp-content\/uploads\/2020\/04\/dan-upora.jpg 1200w, https:\/\/zdruzenjeborcev-nobmb.si\/wp-content\/uploads\/2020\/04\/dan-upora-300x200.jpg 300w, https:\/\/zdruzenjeborcev-nobmb.si\/wp-content\/uploads\/2020\/04\/dan-upora-1024x682.jpg 1024w, https:\/\/zdruzenjeborcev-nobmb.si\/wp-content\/uploads\/2020\/04\/dan-upora-768x511.jpg 768w\" sizes=\"(max-width: 709px) 85vw, (max-width: 909px) 67vw, (max-width: 1362px) 62vw, 840px\" \/><\/a><\/p>\n<hr \/>\n<p><strong>V nedeljo 26. aprila ob 20. uri<\/strong> bo osrednja dr\u017eavna slovesnost, posve\u010dena 79. obletnici ustanovitve <strong>Osvobodilne fronte slovenskega naroda<\/strong>. Slavnostni govornik bo predsednik ZZB NOB Slovenije tovari\u0161 <strong>Marijan Kri\u017eman<\/strong>.<br \/>\nZaradi prepovedi <strong>mno\u017ei\u010dnega zbiranja<\/strong> na javnih dogodkih bomo \u017eal letos proslavljali prek <strong>Facebooka.<\/strong><br \/>\nKako?<br \/>\nPreprosto tako, da kliknemo <strong>po sliki pri\u010detka proslave. <\/strong><\/p>\n<h5><strong>Sliko bomo zagledali ko kliknemo\u00a0 <\/strong><a href=\"https:\/\/www.facebook.com\/zvezaborcev\/videos\/565358597518451\/\" target=\"_blank\" rel=\"noopener noreferrer\">TUKAJ<\/a><\/h5>\n<hr \/>\n<p>&nbsp;<\/p>\n","protected":false},"excerpt":{"rendered":"<p>Spomin na prvo uporni\u0161ko akcijo v Mariboru, dva dni po prihodu Hitlerja v Maribor. Fotografijo prispeval Vasja Lavri\u010d V nedeljo 26. aprila ob 20. uri bo osrednja dr\u017eavna slovesnost, posve\u010dena 79. obletnici ustanovitve Osvobodilne fronte slovenskega naroda. Slavnostni govornik bo predsednik ZZB NOB Slovenije tovari\u0161 Marijan Kri\u017eman. Zaradi prepovedi mno\u017ei\u010dnega zbiranja na javnih dogodkih bomo &hellip; <a href=\"https:\/\/zdruzenjeborcev-nobmb.si\/?p=5904\" class=\"more-link\">Preberi ve\u010d<span class=\"screen-reader-text\"> &#8220;Praznovali bomo 79. obletnico OF&#8221;<\/span><\/a><\/p>\n","protected":false},"author":1,"featured_media":0,"comment_status":"closed","ping_status":"open","sticky":false,"template":"","format":"standard","meta":{"footnotes":""},"categories":[1],"tags":[],"_links":{"self":[{"href":"https:\/\/zdruzenjeborcev-nobmb.si\/index.php?rest_route=\/wp\/v2\/posts\/5904"}],"collection":[{"href":"https:\/\/zdruzenjeborcev-nobmb.si\/index.php?rest_route=\/wp\/v2\/posts"}],"about":[{"href":"https:\/\/zdruzenjeborcev-nobmb.si\/index.php?rest_route=\/wp\/v2\/types\/post"}],"author":[{"embeddable":true,"href":"https:\/\/zdruzenjeborcev-nobmb.si\/index.php?rest_route=\/wp\/v2\/users\/1"}],"replies":[{"embeddable":true,"href":"https:\/\/zdruzenjeborcev-nobmb.si\/index.php?rest_route=%2Fwp%2Fv2%2Fcomments&post=5904"}],"version-history":[{"count":11,"href":"https:\/\/zdruzenjeborcev-nobmb.si\/index.php?rest_route=\/wp\/v2\/posts\/5904\/revisions"}],"predecessor-version":[{"id":5956,"href":"https:\/\/zdruzenjeborcev-nobmb.si\/index.php?rest_route=\/wp\/v2\/posts\/5904\/revisions\/5956"}],"wp:attachment":[{"href":"https:\/\/zdruzenjeborcev-nobmb.si\/index.php?rest_route=%2Fwp%2Fv2%2Fmedia&parent=5904"}],"wp:term":[{"taxonomy":"category","embeddable":true,"href":"https:\/\/zdruzenjeborcev-nobmb.si\/index.php?rest_route=%2Fwp%2Fv2%2Fcategories&post=5904"},{"taxonomy":"post_tag","embeddable":true,"href":"https:\/\/zdruzenjeborcev-nobmb.si\/index.php?rest_route=%2Fwp%2Fv2%2Ftags&post=5904"}],"curies":[{"name":"wp","href":"https:\/\/api.w.org\/{rel}","templated":true}]}}