{"id":5560,"date":"2019-11-22T14:28:20","date_gmt":"2019-11-22T14:28:20","guid":{"rendered":"http:\/\/zdruzenjeborcev-nobmb.si\/?p=5560"},"modified":"2019-12-18T22:39:22","modified_gmt":"2019-12-18T22:39:22","slug":"i-z-j-a-v-a-zb-grobnica-herojev","status":"publish","type":"post","link":"https:\/\/zdruzenjeborcev-nobmb.si\/?p=5560","title":{"rendered":"I Z J A V A ZZB NOB Slovenije"},"content":{"rendered":"<h3><strong>Odziv ZZB NOB Slovenije zaradi fa\u0161isti\u010dne skrunitve pietete slovenskih \u017ertev na Op\u010dinah<\/strong><\/h3>\n<h3><a href=\"https:\/\/zdruzenjeborcev-nobmb.si\/wp-content\/uploads\/2019\/11\/Odziv-ZZB-NOB_na-Op\u010dinah-17.12.2019.pdf\" target=\"_blank\" rel=\"noopener noreferrer\">Preberi ve\u010d<\/a><\/h3>\n<hr \/>\n<p>&nbsp;<\/p>\n<p>&nbsp;<\/p>\n<p>ZZB izra\u017ea svoje ogor\u010denje in protestira ob izjavi Janeza Jan\u0161e na 9. Krekovem ve\u010deru,<br \/>\ns katero grobo \u017eali spomin na NOB slovenskega naroda, borce slovenskih partizanskih enot in njihove poveljnike.<\/p>\n<h3><strong><a href=\"https:\/\/zdruzenjeborcev-nobmb.si\/wp-content\/uploads\/2019\/11\/Izjava-ZB-Grobnica-herojev-22.11.2019.pdf\" target=\"_blank\" rel=\"noopener noreferrer\">Preberi Izjavo <\/a><\/strong><\/h3>\n<hr \/>\n<p>&nbsp;<\/p>\n","protected":false},"excerpt":{"rendered":"<p>Odziv ZZB NOB Slovenije zaradi fa\u0161isti\u010dne skrunitve pietete slovenskih \u017ertev na Op\u010dinah Preberi ve\u010d &nbsp; &nbsp; ZZB izra\u017ea svoje ogor\u010denje in protestira ob izjavi Janeza Jan\u0161e na 9. Krekovem ve\u010deru, s katero grobo \u017eali spomin na NOB slovenskega naroda, borce slovenskih partizanskih enot in njihove poveljnike. Preberi Izjavo &nbsp;<\/p>\n","protected":false},"author":1,"featured_media":0,"comment_status":"closed","ping_status":"open","sticky":false,"template":"","format":"standard","meta":{"footnotes":""},"categories":[1],"tags":[],"_links":{"self":[{"href":"https:\/\/zdruzenjeborcev-nobmb.si\/index.php?rest_route=\/wp\/v2\/posts\/5560"}],"collection":[{"href":"https:\/\/zdruzenjeborcev-nobmb.si\/index.php?rest_route=\/wp\/v2\/posts"}],"about":[{"href":"https:\/\/zdruzenjeborcev-nobmb.si\/index.php?rest_route=\/wp\/v2\/types\/post"}],"author":[{"embeddable":true,"href":"https:\/\/zdruzenjeborcev-nobmb.si\/index.php?rest_route=\/wp\/v2\/users\/1"}],"replies":[{"embeddable":true,"href":"https:\/\/zdruzenjeborcev-nobmb.si\/index.php?rest_route=%2Fwp%2Fv2%2Fcomments&post=5560"}],"version-history":[{"count":10,"href":"https:\/\/zdruzenjeborcev-nobmb.si\/index.php?rest_route=\/wp\/v2\/posts\/5560\/revisions"}],"predecessor-version":[{"id":5585,"href":"https:\/\/zdruzenjeborcev-nobmb.si\/index.php?rest_route=\/wp\/v2\/posts\/5560\/revisions\/5585"}],"wp:attachment":[{"href":"https:\/\/zdruzenjeborcev-nobmb.si\/index.php?rest_route=%2Fwp%2Fv2%2Fmedia&parent=5560"}],"wp:term":[{"taxonomy":"category","embeddable":true,"href":"https:\/\/zdruzenjeborcev-nobmb.si\/index.php?rest_route=%2Fwp%2Fv2%2Fcategories&post=5560"},{"taxonomy":"post_tag","embeddable":true,"href":"https:\/\/zdruzenjeborcev-nobmb.si\/index.php?rest_route=%2Fwp%2Fv2%2Ftags&post=5560"}],"curies":[{"name":"wp","href":"https:\/\/api.w.org\/{rel}","templated":true}]}}